{"id":266,"date":"2011-12-14T08:04:48","date_gmt":"2011-12-14T08:04:48","guid":{"rendered":"http:\/\/pookerart.de\/kunstblog\/?p=266"},"modified":"2018-05-22T12:41:36","modified_gmt":"2018-05-22T12:41:36","slug":"gary-schwartz-und-rembrandts-fehlende-wolken","status":"publish","type":"post","link":"https:\/\/pookerart.de\/kunstblog\/2011\/12\/gary-schwartz-und-rembrandts-fehlende-wolken\/","title":{"rendered":"Gary Schwartz und Rembrandts fehlende Wolken"},"content":{"rendered":"<p><a href=\"http:\/\/www.amazon.de\/gp\/product\/3406543693\/ref=as_li_ss_il?ie=UTF8&amp;tag=pookerartde-21&amp;linkCode=as2&amp;camp=1638&amp;creative=19454&amp;creativeASIN=3406543693\"><img loading=\"lazy\" decoding=\"async\" class=\"alignright\" style=\"display: none !important; visibility: hidden !important; opacity: 0 !important;\" hidden=\"\" src=\"http:\/\/ws.assoc-amazon.de\/widgets\/q?_encoding=UTF8&amp;Format=_SL160_&amp;ASIN=3406543693&amp;MarketPlace=DE&amp;ID=AsinImage&amp;WS=1&amp;tag=pookerartde-21&amp;ServiceVersion=20070822\" alt=\"\" width=\"0\" height=\"0\" border=\"0\" \/><\/a>Wer sich f\u00fcr das Werk von Rembrandt interessiert, sollte die B\u00fccher von Ernst van de Wetering lesen. Wer sich dar\u00fcber hinaus auch f\u00fcr das Leben, den Kunstmarkt und das Umfeld Rembrandts\u00a0in den n\u00f6rdlichen Provinzen des 17. Jahrhunderts interessiert, sollte sich unbedingt\u00a0<a href=\"http:\/\/www.amazon.de\/gp\/product\/3406543693\/ref=as_li_ss_tl?ie=UTF8&amp;tag=pookerartde-21&amp;linkCode=as2&amp;camp=1638&amp;creative=19454&amp;creativeASIN=3406543693\">Das Rembrandt Buch<\/a> von Gary Schwartz kaufen (im deutschen Buchhandel nur echt mit Deppen Leerschritt). Eine F\u00fcnf-Sterne-Rezension bei Amazon\u00a0kann ich mir sparen, da gibt es schon eine, sogar von einem Rezensenten aus Kiel.<\/p>\n<p>Im Kapitel zur Landschaftskunst hat mich dann aber doch eine Kleinigkeit\u00a0bei Schwartz&#8217; ansonsten grandiosen Gedankenfl\u00fcssen verwirrt.<\/p>\n<p><!--more--><\/p>\n<p><a href=\"http:\/\/pookerart.de\/kunstblog\/wp-content\/uploads\/2011\/12\/view-over-the-amstel-from-the-rampart-1650.jpg\"><img loading=\"lazy\" decoding=\"async\" class=\"alignright size-medium wp-image-430\" title=\"Rembrandt: Blick \u00fcber die Amstel\" src=\"http:\/\/pookerart.de\/kunstblog\/wp-content\/uploads\/2011\/12\/view-over-the-amstel-from-the-rampart-1650-185x89.jpg\" alt=\"Rembrandt: Blick \u00fcber die Amstel\" width=\"185\" height=\"89\" srcset=\"https:\/\/pookerart.de\/kunstblog\/wp-content\/uploads\/2011\/12\/view-over-the-amstel-from-the-rampart-1650-185x89.jpg 185w, https:\/\/pookerart.de\/kunstblog\/wp-content\/uploads\/2011\/12\/view-over-the-amstel-from-the-rampart-1650-150x72.jpg 150w, https:\/\/pookerart.de\/kunstblog\/wp-content\/uploads\/2011\/12\/view-over-the-amstel-from-the-rampart-1650.jpg 610w\" sizes=\"auto, (max-width: 185px) 100vw, 185px\" \/><\/a>Flankiert von zwei Landschaftszeichnungen mit Blick auf die Amstel und den dazugeh\u00f6rigen Fotografien der heutigen Ansichten schreibt Schwartz in einem Abschnitt zum Thema &#8220;Keine Wolke am Himmel&#8221;, Rembrandt w\u00fcrde Wolken\u00a0in seinen Zeichnungen so gut wie nie und in Radierungen kaum abbilden. Als Erkl\u00e4rung zitiert er eine Empfehlung von Karel van Mander:<\/p>\n<blockquote><p>\u00abNicht nur eine fremde Nation wirft uns vor, niemals gutes Wetter, sondern immer nur st\u00fcrmische Himmel voller Wolken zu malen \u2026 Machen wir also, um solcher Kritik vorzubeugen, unsere Himmel frei von Wolken und zeigen sie gelegentlich makellos.\u00bb [1]<\/p><\/blockquote>\n<p>Laut Schwartz k\u00f6nnte Rembrandt deshalb als &#8220;Gutwetter-K\u00fcnstler&#8221; durchgehen, genau das halte ich f\u00fcr abwegig. Er weist selbst darauf hin, dass es Ausnahmen gebe und er stellt fest, dass die Wolkenlosigkeit nicht f\u00fcr die Gem\u00e4lden galt. Sofern der Text auf seinem Weg in die deutsche Ausgabe korrekt \u00fcbersetzt wurde, spricht van Mander aber von <em>gemalt <\/em>und nicht von <em>gezeichnet<\/em>. Andere K\u00fcnstler scheinen sich n\u00e4mlich auch keinen Deut um makellose Himmel auf Gem\u00e4lden\u00a0zu interessieren. Bei gro\u00dfen\u00a0&#8220;van&#8221;-K\u00fcnstlern \u00fcberall Wolken: beim Schnellmaler <a href=\"http:\/\/www.essentialvermeer.com\/dutch-painters\/goyen_b.html\">van Goyen<\/a>, beim Seest\u00fcckmaler <a href=\"http:\/\/www.essentialvermeer.com\/dutch-painters\/cappelle.html\">van de Capelle<\/a>, beim Tageslichtmaler <a href=\"http:\/\/www.essentialvermeer.com\/dutch-painters\/ruisdael_b.html\">van Ruisdael<\/a>, vom Nachtmaler <a href=\"http:\/\/www.essentialvermeer.com\/dutch-painters\/neer_aert.html\">van der Neer<\/a> ganz zu schweigen.<\/p>\n<p>Ich denke, die fehlende Wolken in Rembrandts <em>Zeichnungen<\/em> haben nichts mit van Mander oder \u00fcberhaupt einer Lehrmeinung zu tun, sondern mit Rembrandts Stil, den technisch bedingten Grenzen der Zeichnung und der Tatsache, dass Bilder in der Wahrnehmung des Betrachters vollendet werden. Kurz gesagt: Rembrandt h\u00e4tte mit seiner Technik sowieso nur dunkle Gewitterwolken darstellen k\u00f6nnen und der weite Himmel mit Sch\u00f6nwetterwolken bilden sich von selbst im Kopf des Betrachters.<\/p>\n<h2>Sch\u00f6nwetterwolken bei Rembrandt?<\/h2>\n<p>In der Malerei sind Wolken kein Problem. Dort sind sie in der Regel auch notwendig und erf\u00fcllen eine gestalterische Funktion. Jeder Landschaftsfotograf wei\u00df: nichts ist ann\u00e4hernd so \u00f6de und langweilig wie ein wolkenloser Himmel.<\/p>\n<p>In einem Gem\u00e4lde oder einem Aquarell kann der K\u00fcnstler das volle\u00a0<a href=\"http:\/\/de.wikipedia.org\/wiki\/Sieben_Farbkontraste\">Spektrum der Farbkontraste<\/a> nutzen. Ist der Himmel ausnahmsweise\u00a0<a href=\"http:\/\/www.oceansbridge.com\/paintings\/artists\/masters\/big\/r\/rembran\/painting\/z_other\/landscap_painting.jpg\">nicht in allen Bereichen heller<\/a> als die Landschaft, definiert die <em>Zeichnung der Details <\/em>im\u00a0Vordergrund klar die Figur-Grundbeziehung. In der monochromen Darstellung \u2013 zumal mit Zeichenfeder \u2013 ist das alles weitaus schwieriger. Farbkontraste stehen nicht zur Verf\u00fcgung, hier gibt es nur den Hell-Dunkel-Kontrast.\u00a0In einer Zeichnung kann die gestalterische Komponente deshalb nicht ausgesch\u00f6pft werden, als Detail stehen nur V\u00f6gel zur Verf\u00fcgung, Lavierungen k\u00f6nnen allenfalls nur sehr zaghaft Wolken andeuten.<\/p>\n<p>Viele Zeitgenossen Rembrandts brachten ebenfalls Landschaften aufs Papier, und auch sie verzichteten auf Wolken, selbst die Feinzeichner:<\/p>\n<p><a href=\"http:\/\/pookerart.de\/kunstblog\/wp-content\/uploads\/2011\/12\/Ruisdael.jpg\"><img loading=\"lazy\" decoding=\"async\" class=\"alignleft size-medium wp-image-422\" title=\"Jacob van Ruisdael\" src=\"http:\/\/pookerart.de\/kunstblog\/wp-content\/uploads\/2011\/12\/Ruisdael-185x114.jpg\" alt=\"Jacob van Ruisdael\" width=\"185\" height=\"114\" srcset=\"https:\/\/pookerart.de\/kunstblog\/wp-content\/uploads\/2011\/12\/Ruisdael-185x114.jpg 185w, https:\/\/pookerart.de\/kunstblog\/wp-content\/uploads\/2011\/12\/Ruisdael-150x92.jpg 150w, https:\/\/pookerart.de\/kunstblog\/wp-content\/uploads\/2011\/12\/Ruisdael.jpg 800w\" sizes=\"auto, (max-width: 185px) 100vw, 185px\" \/><\/a><a href=\"http:\/\/pookerart.de\/kunstblog\/wp-content\/uploads\/2011\/12\/velde_the_younger.jpg\"><img loading=\"lazy\" decoding=\"async\" class=\"alignleft size-medium wp-image-426\" title=\"Willem van de Velde d. J.\" src=\"http:\/\/pookerart.de\/kunstblog\/wp-content\/uploads\/2011\/12\/velde_the_younger-185x120.jpg\" alt=\"Zeichnung Willem van de Velde der J\u00fcngere\" width=\"185\" height=\"120\" srcset=\"https:\/\/pookerart.de\/kunstblog\/wp-content\/uploads\/2011\/12\/velde_the_younger-185x120.jpg 185w, https:\/\/pookerart.de\/kunstblog\/wp-content\/uploads\/2011\/12\/velde_the_younger-150x97.jpg 150w, https:\/\/pookerart.de\/kunstblog\/wp-content\/uploads\/2011\/12\/velde_the_younger.jpg 600w\" sizes=\"auto, (max-width: 185px) 100vw, 185px\" \/><\/a><a href=\"http:\/\/pookerart.de\/kunstblog\/wp-content\/uploads\/2011\/12\/vlieger.jpg\"><img loading=\"lazy\" decoding=\"async\" class=\"size-medium wp-image-421 alignleft\" title=\"Simon de Vlieger\" src=\"http:\/\/pookerart.de\/kunstblog\/wp-content\/uploads\/2011\/12\/vlieger-185x126.jpg\" alt=\"Zeichnung Simon de Vlieger\" width=\"185\" height=\"126\" srcset=\"https:\/\/pookerart.de\/kunstblog\/wp-content\/uploads\/2011\/12\/vlieger-185x126.jpg 185w, https:\/\/pookerart.de\/kunstblog\/wp-content\/uploads\/2011\/12\/vlieger-150x102.jpg 150w, https:\/\/pookerart.de\/kunstblog\/wp-content\/uploads\/2011\/12\/vlieger.jpg 1000w\" sizes=\"auto, (max-width: 185px) 100vw, 185px\" \/><\/a><\/p>\n<hr style=\"clear: both;\" \/>\n<p><a href=\"http:\/\/pookerart.de\/kunstblog\/wp-content\/uploads\/2011\/12\/rembrandtwolken.jpg\"><img loading=\"lazy\" decoding=\"async\" class=\"alignright size-medium wp-image-387\" title=\"Wolken, und was f\u00fcr welche \u2026\" src=\"http:\/\/pookerart.de\/kunstblog\/wp-content\/uploads\/2011\/12\/rembrandtwolken-200x148.jpg\" alt=\"Zeichnung von Rembrandt mit Gewitterwolken\" width=\"200\" height=\"148\" srcset=\"https:\/\/pookerart.de\/kunstblog\/wp-content\/uploads\/2011\/12\/rembrandtwolken-200x148.jpg 200w, https:\/\/pookerart.de\/kunstblog\/wp-content\/uploads\/2011\/12\/rembrandtwolken-150x111.jpg 150w, https:\/\/pookerart.de\/kunstblog\/wp-content\/uploads\/2011\/12\/rembrandtwolken.jpg 810w\" sizes=\"auto, (max-width: 200px) 100vw, 200px\" \/><\/a>Sch\u00f6ne Bilder. Mit Rembrandt verbindet man aber eher brachiale Zeichnungen mit gro\u00dfen Federn aus Bambusrohr, die seine Zeitgenossen wahrscheinlich f\u00fcr Bauger\u00fcste nutzten, grandiose Lavierungen mit dem Schwung eines Wischmopps,\u00a0raffinierte Kielfederzeichnungen und nat\u00fcrlich auch all diese Techniken zusammen. Die Handhabung der Mittel gilt ja auch f\u00fcr seine Gem\u00e4lde.<\/p>\n<h2>Von der Farbe zur monochromen Zeichnung<\/h2>\n<p>Warum haben die Zeichner also Wolken vermieden? Dazu eine Lektion aus der Fotografie: Wer eine Landschaft korrekt fotografieren will, kann auf das Festland belichten oder auf den Himmel. Im ersten Fall gibt es ausgefressene Himmel, im zweiten abgesoffene Schatten. Das empfindlichste Negativ einer Kamera kann nur halb so viele Tonwertstufen wie das menschliche Auge abbilden. In der professionellen Landschaftsfotografie, die es auf Grund der Bedeutung der Landschaft im 19. Jahrhundert eigentlich nur in Gro\u00dfbritannien (Gainsborough, Girtin, Cottman, Constable, usw.) und den USA (Hudson River School) gibt, werden deshalb <a href=\"http:\/\/www.luminous-landscape.com\/tutorials\/understanding-grads.shtml\">neutralgraue<\/a> Filter (<a href=\"http:\/\/www.nd-magazine.com\/articles\/art1.php\">Neutral Density<\/a>) verwendet, die den <a href=\"http:\/\/photo.tutsplus.com\/tutorials\/achieve-beautiful-landscape-photos-with-a-neutral-density-filter\/\">Bereich des Himmels<\/a> abdunkeln. Man kann das Ganze sogar mit einem\u00a0&#8220;<a href=\"http:\/\/www.bbc.co.uk\/devon\/content\/image_galleries\/east_9_gallery.shtml?2\">Graduated tobacco filter<\/a>&#8221; machen, so eine Art Nachfolge des <a href=\"http:\/\/de.wikipedia.org\/wiki\/Claude-Glas\">Claude-Lorrain-Glases<\/a>.<\/p>\n<p>Im Gegensatz zum schneewei\u00dfem Fotopapier mit der M\u00f6glichkeit, tiefstes Schwarz abzubilden, ist der &#8220;Belichtungsspielraum&#8221; von schwarzer oder gar brauner Tusche auf ungebleichtem Zeichenpapier nochmal geringer und die Technik der Lavierung kann nur eine kleines Spektrum der Grauwerte abbilden. Das Ergebnis w\u00e4ren dann entweder zu dunkle und damit zu prominente Wolken, oder kaum sichtbare Strukturen im Himmel, die dann auch in den Schatten eingesetzt werden m\u00fcssten.<\/p>\n<p><a href=\"http:\/\/pookerart.de\/kunstblog\/wp-content\/uploads\/2011\/12\/fehn.jpg\"><img loading=\"lazy\" decoding=\"async\" class=\"alignright size-medium wp-image-457\" title=\"Foto Ostfriesland\" src=\"http:\/\/pookerart.de\/kunstblog\/wp-content\/uploads\/2011\/12\/fehn-120x185.jpg\" alt=\"Foto: Ostfriesland\" width=\"120\" height=\"185\" srcset=\"https:\/\/pookerart.de\/kunstblog\/wp-content\/uploads\/2011\/12\/fehn-120x185.jpg 120w, https:\/\/pookerart.de\/kunstblog\/wp-content\/uploads\/2011\/12\/fehn-98x150.jpg 98w, https:\/\/pookerart.de\/kunstblog\/wp-content\/uploads\/2011\/12\/fehn.jpg 523w\" sizes=\"auto, (max-width: 120px) 100vw, 120px\" \/><\/a>Ich habe kein Foto von der Amstel, eine platte Landschaft in\u00a0<a href=\"http:\/\/www.flickr.com\/photos\/15187004@N00\/4021103233\/in\/set-72157622608765710\">Ostfriesland<\/a> tut es auch. Es war Sp\u00e4tsommer, der Schnappschuss entstand zur Mittagszeit \u2013 zum Zeichnen perfekt, aber f\u00fcr Farbfotos denkbar schlecht, hartes Licht und harte Schatten.<\/p>\n<p>Bereits in der monochromen Darstellung (erstes Bild in der unteren Bildreihe) wirkt das Motiv noch langweiliger als ohnehin schon. Nein, ich habe nichts an den Tonwerten gedreht, dar\u00fcber liegt nur ein einheitlicher Sepiafilter (Standardaktion in Photoshop). Viele Betrachter hatten gewettet, das Blau des Himmels \u00fcber dem Horizont w\u00e4re als Tonwert dunkler als die gr\u00fcne Grasfl\u00e4che. In der Monochromdarstellung sieht man aber, dass die dunkle Regenfront immer noch heller ist als die von gebrochenem Tageslicht beschienene Wiese. Durch den fehlenden Farbkontrast wirkt die Grasfl\u00e4che etwas dunkler als in der Fotografie, daf\u00fcr scheinen die B\u00e4ume nun in den Mittelwerten von Wiese und Regenwolken zu &#8220;verso\u00dfen&#8221;.<\/p>\n<p>L\u00e4sst man jetzt in Photoshop spezielle Zeichenfilter \u00fcber das Bild laufen, werden die Kontraste verst\u00e4rkt. Das ist alles ganz einfach zur Demonstration, mit nur mit einem Mausklick. Walter Benjamin w\u00fcrde ins Kissen heulen.<\/p>\n<p><a href=\"http:\/\/pookerart.de\/kunstblog\/wp-content\/uploads\/2011\/12\/fehn2.jpg\"><img loading=\"lazy\" decoding=\"async\" class=\"alignleft size-medium wp-image-456\" title=\"Monochrom gesetztes Foto\" src=\"http:\/\/pookerart.de\/kunstblog\/wp-content\/uploads\/2011\/12\/fehn2-120x185.jpg\" alt=\"Monochrom gesetztes Foto\" width=\"120\" height=\"185\" srcset=\"https:\/\/pookerart.de\/kunstblog\/wp-content\/uploads\/2011\/12\/fehn2-120x185.jpg 120w, https:\/\/pookerart.de\/kunstblog\/wp-content\/uploads\/2011\/12\/fehn2-98x150.jpg 98w, https:\/\/pookerart.de\/kunstblog\/wp-content\/uploads\/2011\/12\/fehn2.jpg 523w\" sizes=\"auto, (max-width: 120px) 100vw, 120px\" \/><\/a><a href=\"http:\/\/pookerart.de\/kunstblog\/wp-content\/uploads\/2011\/12\/fehn2a.jpg\"><img loading=\"lazy\" decoding=\"async\" class=\"alignleft size-medium wp-image-487\" title=\"Umsetzungsvariante 1 als Zeichnung (Photoshop)\" src=\"http:\/\/pookerart.de\/kunstblog\/wp-content\/uploads\/2011\/12\/fehn2a-120x185.jpg\" alt=\"Umsetzungsvariante als Zeichnung (Photoshop)\" width=\"120\" height=\"185\" \/><\/a><a href=\"http:\/\/pookerart.de\/kunstblog\/wp-content\/uploads\/2011\/12\/fehn3.jpg\"><img loading=\"lazy\" decoding=\"async\" class=\"alignleft size-medium wp-image-453\" title=\"Umsetzungsvariante 2 als Zeichnung (Photoshop)\" src=\"http:\/\/pookerart.de\/kunstblog\/wp-content\/uploads\/2011\/12\/fehn3-120x185.jpg\" alt=\"Umsetzungsvariante als Zeichnung (Photoshop)\" width=\"120\" height=\"185\" srcset=\"https:\/\/pookerart.de\/kunstblog\/wp-content\/uploads\/2011\/12\/fehn3-120x185.jpg 120w, https:\/\/pookerart.de\/kunstblog\/wp-content\/uploads\/2011\/12\/fehn3-98x150.jpg 98w, https:\/\/pookerart.de\/kunstblog\/wp-content\/uploads\/2011\/12\/fehn3.jpg 523w\" sizes=\"auto, (max-width: 120px) 100vw, 120px\" \/><\/a><a href=\"http:\/\/pookerart.de\/kunstblog\/wp-content\/uploads\/2011\/12\/fehn4.jpg\"><img loading=\"lazy\" decoding=\"async\" class=\"alignleft size-medium wp-image-455\" title=\"Umsetzungsvariante 3 als Zeichnung (Photoshop)\" src=\"http:\/\/pookerart.de\/kunstblog\/wp-content\/uploads\/2011\/12\/fehn4-120x185.jpg\" alt=\"Umsetzungsvariante als Zeichnung (Photoshop)\" width=\"120\" height=\"185\" srcset=\"https:\/\/pookerart.de\/kunstblog\/wp-content\/uploads\/2011\/12\/fehn4-120x185.jpg 120w, https:\/\/pookerart.de\/kunstblog\/wp-content\/uploads\/2011\/12\/fehn4-98x150.jpg 98w, https:\/\/pookerart.de\/kunstblog\/wp-content\/uploads\/2011\/12\/fehn4.jpg 523w\" sizes=\"auto, (max-width: 120px) 100vw, 120px\" \/><\/a><\/p>\n<hr style=\"clear: both;\" \/>\n<p>Man kann jetzt einwenden, dass hier nur der billige, digitale Algorythmus einer Programmierung vorliegt. Richtig. H\u00e4tte ich eine Zeichnung angefertigt, w\u00e4re das Ergebnis auch nicht objektiver geworden. Diese Bilder sollen nur demonstrieren, wo das Problem liegt.<\/p>\n<p>Der Charakter einer Zeichnung ist bekanntlich die Linie, als Kontur oder Schraffur. Daran \u00e4ndert auch die Tatsache nichts, ob noch Lavierungen oder zarte Aquarellfarbt\u00f6ne hinzukommen. Die Tonwertabstufungen von dunkel zu hell vollziehen sich also zun\u00e4chst \u00fcber den Strich des Zeichenwerkzeugs. Bei den verschiedenen Ergebnissen wird klar, dass eine angemessene Zeichnung im Bereich des Himmels \u00fcberhaupt nicht machbar ist. Jedes Nachziehen einer Wolke w\u00fcrde den Figur-Grund-Kontrast, die Luftperspektive und damit die ganze Zeichnung zerst\u00f6ren.<\/p>\n<p>Aus diesem Grund bin ich davon \u00fcberzeugt, dass Rembrandt nicht einmal ansatzweise daran gedacht hat, in seine Amstel-Ansichten auch nur eine Wolke darzustellen. Und es gibt noch einen weiteren Grund,\u00a0der die freie Fl\u00e4che des Himmels als rezeptions\u00e4sthetisches Ph\u00e4nomen rechtfertigt.<\/p>\n<h2>Das Bild im Betrachter<\/h2>\n<p>Die Illusion eines Bildes wird nicht auf dem Bildtr\u00e4ger, sondern im Kopf des Betrachters fertiggestellt. Wer sich mit dieser Thematik besch\u00e4ftigen will, sollte <a href=\"http:\/\/www.amazon.de\/gp\/product\/071489317X\/ref=as_li_ss_tl?ie=UTF8&amp;tag=pookerartde-21&amp;linkCode=as2&amp;camp=1638&amp;creative=19454&amp;creativeASIN=071489317X\">Kunst und Illusion<\/a> von\u00a0Ernst H. Gombrich lesen, auch wenn er f\u00fcr meinen Geschmack etwas zuviel Psychologie und vor allem zuviel Psychoanalyse in seine Argumentationen legt. Wissenschaftlich fundierter (daf\u00fcr weitgehend ohne Kunst) ist das Buch <a href=\"http:\/\/www.amazon.de\/gp\/product\/3608942211\/ref=as_li_ss_tl?ie=UTF8&amp;tag=pookerartde-21&amp;linkCode=as2&amp;camp=1638&amp;creative=19454&amp;creativeASIN=3608942211\">Visuelle Intelligenz<\/a> von Donald D. Hoffman.<\/p>\n<p>Rembrandt kannte weder Gombrich noch Hoffman, aber er hat wie andere K\u00fcnstler diesen Raum f\u00fcr den Betrachter geschaffen. In seinen Gem\u00e4lden war es die &#8220;grobe Manier&#8221; des Farbauftrags, in vielen Zeichnungen und Radierungen ist es die scheinbar schlampige Ausf\u00fchrung von Details. Und dazu geh\u00f6ren nicht nur fehlende Wolken.<\/p>\n<p>Die gro\u00dfen Meister des Freilassens waren die chinesischen und japanischen Tuschek\u00fcnstler, aber es gibt auch bei Rembrandt entsprechende Beispiele. Durch die Begrenzung der Bildfl\u00e4che wird das vom Zeichenwerkzeug unber\u00fchrte Papier zu einer Projektionsfl\u00e4che f\u00fcr die imagin\u00e4re Vollendung des Bildes. Nicht der K\u00fcnstler, der Betrachter denkt sich den Rest:<\/p>\n<p><a href=\"http:\/\/pookerart.de\/kunstblog\/wp-content\/uploads\/2011\/12\/rembrandt_hendrickje.jpg\"><img loading=\"lazy\" decoding=\"async\" class=\"alignleft size-medium wp-image-425\" title=\"Rembrandt: Zeichnung von Hendrijke\" src=\"http:\/\/pookerart.de\/kunstblog\/wp-content\/uploads\/2011\/12\/rembrandt_hendrickje-153x185.jpg\" alt=\"Rembrandt-Zeichnung Hendrijke\" width=\"153\" height=\"185\" srcset=\"https:\/\/pookerart.de\/kunstblog\/wp-content\/uploads\/2011\/12\/rembrandt_hendrickje-153x185.jpg 153w, https:\/\/pookerart.de\/kunstblog\/wp-content\/uploads\/2011\/12\/rembrandt_hendrickje-124x150.jpg 124w, https:\/\/pookerart.de\/kunstblog\/wp-content\/uploads\/2011\/12\/rembrandt_hendrickje.jpg 828w\" sizes=\"auto, (max-width: 153px) 100vw, 153px\" \/><\/a><a href=\"http:\/\/pookerart.de\/kunstblog\/wp-content\/uploads\/2011\/12\/Sesshu.jpg\"><img loading=\"lazy\" decoding=\"async\" class=\"alignleft size-medium wp-image-424\" title=\"Zeichnung des Zen-K\u00fcnstlers Sesshu\" src=\"http:\/\/pookerart.de\/kunstblog\/wp-content\/uploads\/2011\/12\/Sesshu-117x185.jpg\" alt=\"Zeichnung des Zen-K\u00fcnstlers Sesshu\" width=\"117\" height=\"185\" srcset=\"https:\/\/pookerart.de\/kunstblog\/wp-content\/uploads\/2011\/12\/Sesshu-117x185.jpg 117w, https:\/\/pookerart.de\/kunstblog\/wp-content\/uploads\/2011\/12\/Sesshu-95x150.jpg 95w, https:\/\/pookerart.de\/kunstblog\/wp-content\/uploads\/2011\/12\/Sesshu.jpg 576w\" sizes=\"auto, (max-width: 117px) 100vw, 117px\" \/><\/a><\/p>\n<hr style=\"clear: both;\" \/>\n<p>Sp\u00e4testens, wenn man diese Bilder betrachtet, braucht man auch nicht mehr danach zu fragen, warum Rembrandt keine Wolken gezeichnet hat.<\/p>\n<p>[1] Schwartz 2006, S. 249<img loading=\"lazy\" decoding=\"async\" style=\"display: none ! important;\" hidden=\"\" src=\"http:\/\/vg07.met.vgwort.de\/na\/691619f2184d4ec392a52270b9b16c2b\" alt=\"\" width=\"1\" height=\"1\" \/><\/p>\n","protected":false},"excerpt":{"rendered":"<p>Wer sich f\u00fcr das Werk von Rembrandt interessiert, sollte die B\u00fccher von Ernst van de Wetering lesen. Wer sich dar\u00fcber hinaus auch f\u00fcr das Leben, den Kunstmarkt und das Umfeld Rembrandts\u00a0in den n\u00f6rdlichen Provinzen des 17. Jahrhunderts interessiert, sollte sich unbedingt\u00a0Das Rembrandt Buch von Gary Schwartz kaufen (im deutschen Buchhandel nur echt mit Deppen Leerschritt). [&hellip;]<\/p>\n","protected":false},"author":1,"featured_media":0,"comment_status":"closed","ping_status":"open","sticky":false,"template":"","format":"standard","meta":{"footnotes":""},"categories":[1,12],"tags":[13,14,15],"class_list":["post-266","post","type-post","status-publish","format-standard","hentry","category-allgemein","category-kunst-und-wahrnehmung","tag-rembrandt","tag-wolkendarstellung","tag-zeichungen"],"_links":{"self":[{"href":"https:\/\/pookerart.de\/kunstblog\/wp-json\/wp\/v2\/posts\/266","targetHints":{"allow":["GET"]}}],"collection":[{"href":"https:\/\/pookerart.de\/kunstblog\/wp-json\/wp\/v2\/posts"}],"about":[{"href":"https:\/\/pookerart.de\/kunstblog\/wp-json\/wp\/v2\/types\/post"}],"author":[{"embeddable":true,"href":"https:\/\/pookerart.de\/kunstblog\/wp-json\/wp\/v2\/users\/1"}],"replies":[{"embeddable":true,"href":"https:\/\/pookerart.de\/kunstblog\/wp-json\/wp\/v2\/comments?post=266"}],"version-history":[{"count":186,"href":"https:\/\/pookerart.de\/kunstblog\/wp-json\/wp\/v2\/posts\/266\/revisions"}],"predecessor-version":[{"id":1300,"href":"https:\/\/pookerart.de\/kunstblog\/wp-json\/wp\/v2\/posts\/266\/revisions\/1300"}],"wp:attachment":[{"href":"https:\/\/pookerart.de\/kunstblog\/wp-json\/wp\/v2\/media?parent=266"}],"wp:term":[{"taxonomy":"category","embeddable":true,"href":"https:\/\/pookerart.de\/kunstblog\/wp-json\/wp\/v2\/categories?post=266"},{"taxonomy":"post_tag","embeddable":true,"href":"https:\/\/pookerart.de\/kunstblog\/wp-json\/wp\/v2\/tags?post=266"}],"curies":[{"name":"wp","href":"https:\/\/api.w.org\/{rel}","templated":true}]}}